{"id":1044,"date":"2026-02-27T21:00:38","date_gmt":"2026-02-27T19:00:38","guid":{"rendered":"http:\/\/www.hannahujanen.com\/?p=1044"},"modified":"2026-02-27T21:02:43","modified_gmt":"2026-02-27T19:02:43","slug":"iiro-rantala-veneziana-27-3-26","status":"publish","type":"post","link":"http:\/\/www.hannahujanen.com\/?p=1044","title":{"rendered":"Iiro Rantala: Veneziana 27.3.26"},"content":{"rendered":"\t\t<div data-elementor-type=\"wp-post\" data-elementor-id=\"1044\" class=\"elementor elementor-1044\">\n\t\t\t\t\t\t\t\t\t<section class=\"elementor-section elementor-top-section elementor-element elementor-element-d0e7dfd elementor-section-boxed elementor-section-height-default elementor-section-height-default\" data-id=\"d0e7dfd\" data-element_type=\"section\">\n\t\t\t\t\t\t<div class=\"elementor-container elementor-column-gap-default\">\n\t\t\t\t\t<div class=\"elementor-column elementor-col-100 elementor-top-column elementor-element elementor-element-715f006\" data-id=\"715f006\" data-element_type=\"column\">\n\t\t\t<div class=\"elementor-widget-wrap elementor-element-populated\">\n\t\t\t\t\t\t\t\t<section class=\"elementor-section elementor-inner-section elementor-element elementor-element-c46ac96 elementor-section-boxed elementor-section-height-default elementor-section-height-default\" data-id=\"c46ac96\" data-element_type=\"section\">\n\t\t\t\t\t\t<div class=\"elementor-container elementor-column-gap-default\">\n\t\t\t\t\t<div class=\"elementor-column elementor-col-50 elementor-inner-column elementor-element elementor-element-4349590\" data-id=\"4349590\" data-element_type=\"column\">\n\t\t\t<div class=\"elementor-widget-wrap elementor-element-populated\">\n\t\t\t\t\t\t\t\t<div class=\"elementor-element elementor-element-0e8d792 elementor-widget elementor-widget-text-editor\" data-id=\"0e8d792\" data-element_type=\"widget\" data-widget_type=\"text-editor.default\">\n\t\t\t\t<div class=\"elementor-widget-container\">\n\t\t\t<style>\/*! elementor - v3.14.0 - 18-06-2023 *\/\n.elementor-widget-text-editor.elementor-drop-cap-view-stacked .elementor-drop-cap{background-color:#69727d;color:#fff}.elementor-widget-text-editor.elementor-drop-cap-view-framed .elementor-drop-cap{color:#69727d;border:3px solid;background-color:transparent}.elementor-widget-text-editor:not(.elementor-drop-cap-view-default) .elementor-drop-cap{margin-top:8px}.elementor-widget-text-editor:not(.elementor-drop-cap-view-default) .elementor-drop-cap-letter{width:1em;height:1em}.elementor-widget-text-editor .elementor-drop-cap{float:left;text-align:center;line-height:1;font-size:50px}.elementor-widget-text-editor .elementor-drop-cap-letter{display:inline-block}<\/style>\t\t\t\t<p><a href=\"https:\/\/www.porvoo.fi\/tapahtumat\/#\/fi-FI\/place\/P9mQM9\/KlassikotIiroRantalaVeneziana?origin=https%3A%2F%2Fporvoo.cruncho.co%2Ffi-FI\">Tapahtumat &#8211; Porvoo<\/a><\/p><p>\u00a0<\/p><p>Pe 27.3.2026\u00a0 \u00a0klo 19<\/p><p>@Taidetehdas, Porvoo<\/p>\t\t\t\t\t\t<\/div>\n\t\t\t\t<\/div>\n\t\t\t\t\t<\/div>\n\t\t<\/div>\n\t\t\t\t<div class=\"elementor-column elementor-col-50 elementor-inner-column elementor-element elementor-element-547e692\" data-id=\"547e692\" data-element_type=\"column\">\n\t\t\t<div class=\"elementor-widget-wrap elementor-element-populated\">\n\t\t\t\t\t\t\t\t<div class=\"elementor-element elementor-element-b89382c elementor-widget elementor-widget-text-editor\" data-id=\"b89382c\" data-element_type=\"widget\" data-widget_type=\"text-editor.default\">\n\t\t\t\t<div class=\"elementor-widget-container\">\n\t\t\t\t\t\t\t<p>Klassikot-sarjan toisessa konsertissa esiintyy <strong>Iiro Rantala<\/strong>, jonka tekemisess\u00e4 yhdistyy poikkeuksellisella tavalla huiman taitava tekninen soitto sek\u00e4 vauhdikas viihdytt\u00e4vyys. Iiron Veneziana produktio pianolle ja 9 muusikolle, sai kantaesityksens\u00e4 Die Berliner Philharmoniker -orkesterin j\u00e4senten kanssa helmikuussa 2023.<\/p>\t\t\t\t\t\t<\/div>\n\t\t\t\t<\/div>\n\t\t\t\t\t<\/div>\n\t\t<\/div>\n\t\t\t\t\t\t\t<\/div>\n\t\t<\/section>\n\t\t\t\t\t<\/div>\n\t\t<\/div>\n\t\t\t\t\t\t\t<\/div>\n\t\t<\/section>\n\t\t\t\t\t\t\t<\/div>\n\t\t","protected":false},"excerpt":{"rendered":"<p>Tapahtumat &#8211; Porvoo \u00a0 Pe 27.3.2026\u00a0 \u00a0klo 19 @Taidetehdas, Porvoo Klassikot-sarjan toisessa konsertissa esiintyy Iiro Rantala, jonka tekemisess\u00e4 yhdistyy poikkeuksellisella tavalla huiman taitava tekninen soitto sek\u00e4 vauhdikas viihdytt\u00e4vyys. Iiron Veneziana produktio pianolle ja 9 muusikolle, sai kantaesityksens\u00e4 Die Berliner Philharmoniker -orkesterin j\u00e4senten kanssa helmikuussa 2023.<\/p>\n","protected":false},"author":2,"featured_media":0,"comment_status":"closed","ping_status":"open","sticky":false,"template":"","format":"standard","meta":{"footnotes":""},"categories":[1],"tags":[],"class_list":["post-1044","post","type-post","status-publish","format-standard","hentry","category-yleinen"],"_links":{"self":[{"href":"http:\/\/www.hannahujanen.com\/index.php?rest_route=\/wp\/v2\/posts\/1044","targetHints":{"allow":["GET"]}}],"collection":[{"href":"http:\/\/www.hannahujanen.com\/index.php?rest_route=\/wp\/v2\/posts"}],"about":[{"href":"http:\/\/www.hannahujanen.com\/index.php?rest_route=\/wp\/v2\/types\/post"}],"author":[{"embeddable":true,"href":"http:\/\/www.hannahujanen.com\/index.php?rest_route=\/wp\/v2\/users\/2"}],"replies":[{"embeddable":true,"href":"http:\/\/www.hannahujanen.com\/index.php?rest_route=%2Fwp%2Fv2%2Fcomments&post=1044"}],"version-history":[{"count":4,"href":"http:\/\/www.hannahujanen.com\/index.php?rest_route=\/wp\/v2\/posts\/1044\/revisions"}],"predecessor-version":[{"id":1048,"href":"http:\/\/www.hannahujanen.com\/index.php?rest_route=\/wp\/v2\/posts\/1044\/revisions\/1048"}],"wp:attachment":[{"href":"http:\/\/www.hannahujanen.com\/index.php?rest_route=%2Fwp%2Fv2%2Fmedia&parent=1044"}],"wp:term":[{"taxonomy":"category","embeddable":true,"href":"http:\/\/www.hannahujanen.com\/index.php?rest_route=%2Fwp%2Fv2%2Fcategories&post=1044"},{"taxonomy":"post_tag","embeddable":true,"href":"http:\/\/www.hannahujanen.com\/index.php?rest_route=%2Fwp%2Fv2%2Ftags&post=1044"}],"curies":[{"name":"wp","href":"https:\/\/api.w.org\/{rel}","templated":true}]}}